{"id":8050,"date":"2026-04-26T12:31:45","date_gmt":"2026-04-26T10:31:45","guid":{"rendered":"https:\/\/voilepartageedelarade.bzh\/?p=8050"},"modified":"2026-04-26T12:35:21","modified_gmt":"2026-04-26T10:35:21","slug":"a-la-carte","status":"publish","type":"post","link":"https:\/\/voilepartageedelarade.bzh\/index.php\/2026\/04\/26\/a-la-carte\/","title":{"rendered":"\u00c0 la carte"},"content":{"rendered":"\t\t<div data-elementor-type=\"wp-post\" data-elementor-id=\"8050\" class=\"elementor elementor-8050\" data-elementor-post-type=\"post\">\n\t\t\t\t<div class=\"elementor-element elementor-element-564154c e-flex e-con-boxed e-con e-parent\" data-id=\"564154c\" data-element_type=\"container\" data-e-type=\"container\">\n\t\t\t\t\t<div class=\"e-con-inner\">\n\t\t\t\t<div class=\"elementor-element elementor-element-4472b40 elementor-widget elementor-widget-text-editor\" data-id=\"4472b40\" data-element_type=\"widget\" data-e-type=\"widget\" data-widget_type=\"text-editor.default\">\n\t\t\t\t<div class=\"elementor-widget-container\">\n\t\t\t\t\t\t\t\t\t<div class=\"x14z9mp xat24cr x1lziwak x1vvkbs xtlvy1s x126k92a\"><div dir=\"auto\"><strong>Michel<\/strong> C. , chef de bord, est sorti avec <em>Marc, Isabelle et Steve<\/em>.<\/div><\/div><div class=\"x14z9mp xat24cr x1lziwak x1vvkbs xtlvy1s x126k92a\"><div dir=\"auto\">Rdv 9 h au bateau.<\/div><div dir=\"auto\">Steve fait l&#8217;essai VHF et Marc la sortie du bateau sans vent.<\/div><div dir=\"auto\">GV et moteur jusqu&#8217;\u00e0 \u00c9crevisse et \u00e0 10h, nous continuons la passe O par des bords de pr\u00e8s \u00e0 faible vitesse.<\/div><div dir=\"auto\">Le vent tombe compl\u00e8tement \u00e0 11h45 et nous enroulons le g\u00e9nois une petite heure le temps de d\u00e9jeuner.<\/div><\/div><div class=\"x14z9mp xat24cr x1lziwak x1vvkbs xtlvy1s x126k92a\"><div dir=\"auto\">Le vent reprend au SE puis S et SO et nous allons faire le tour d&#8217;\u00c9douard de Cougy \u00e0 15h, avant de rentrer au portant par la passe Sud.<\/div><\/div><div class=\"x14z9mp xat24cr x1lziwak x1vvkbs xtlvy1s x126k92a\"><div dir=\"auto\">Ciseau ou grand largue avec retenue de b\u00f4me.<\/div><div dir=\"auto\">Nous aurons eu le temps de mettre en application les travaux \u00e0 la table \u00e0 carte sur les rel\u00e8vements appris la veille par Steve et l&#8217;apprentissage des n\u0153uds.<\/div><\/div><div class=\"x14z9mp xat24cr x1lziwak x1vvkbs xtlvy1s x126k92a\"><div dir=\"auto\">Arriv\u00e9e \u00e0 17h15 \u00e0 Ste Catherine et rangement du bateau.<\/div><\/div>\t\t\t\t\t\t\t\t<\/div>\n\t\t\t\t<\/div>\n\t\t\t\t<div class=\"elementor-element elementor-element-1b34607 elementor-widget elementor-widget-gallery\" data-id=\"1b34607\" data-element_type=\"widget\" data-e-type=\"widget\" data-settings=\"{&quot;gallery_layout&quot;:&quot;masonry&quot;,&quot;columns&quot;:3,&quot;lazyload&quot;:&quot;yes&quot;,&quot;columns_tablet&quot;:2,&quot;columns_mobile&quot;:1,&quot;gap&quot;:{&quot;unit&quot;:&quot;px&quot;,&quot;size&quot;:10,&quot;sizes&quot;:[]},&quot;gap_tablet&quot;:{&quot;unit&quot;:&quot;px&quot;,&quot;size&quot;:10,&quot;sizes&quot;:[]},&quot;gap_mobile&quot;:{&quot;unit&quot;:&quot;px&quot;,&quot;size&quot;:10,&quot;sizes&quot;:[]},&quot;link_to&quot;:&quot;file&quot;,&quot;overlay_background&quot;:&quot;yes&quot;,&quot;content_hover_animation&quot;:&quot;fade-in&quot;}\" data-widget_type=\"gallery.default\">\n\t\t\t\t<div class=\"elementor-widget-container\">\n\t\t\t\t\t\t\t<div class=\"elementor-gallery__container\">\n\t\t\t\t\t\t\t<a class=\"e-gallery-item elementor-gallery-item elementor-animated-content\" href=\"https:\/\/voilepartageedelarade.bzh\/wp-content\/uploads\/2026\/04\/image-30.jpeg\" data-elementor-open-lightbox=\"yes\" data-elementor-lightbox-slideshow=\"1b34607\" data-elementor-lightbox-title=\"image\" data-e-action-hash=\"#elementor-action%3Aaction%3Dlightbox%26settings%3DeyJpZCI6ODA2MCwidXJsIjoiaHR0cHM6XC9cL3ZvaWxlcGFydGFnZWVkZWxhcmFkZS5iemhcL3dwLWNvbnRlbnRcL3VwbG9hZHNcLzIwMjZcLzA0XC9pbWFnZS0zMC5qcGVnIiwic2xpZGVzaG93IjoiMWIzNDYwNyJ9\">\n\t\t\t\t\t<div class=\"e-gallery-image elementor-gallery-item__image\" data-thumbnail=\"https:\/\/voilepartageedelarade.bzh\/wp-content\/uploads\/2026\/04\/image-30-768x1024.jpeg\" data-width=\"660\" data-height=\"880\" aria-label=\"\" role=\"img\" ><\/div>\n\t\t\t\t\t\t\t\t\t\t\t<div class=\"elementor-gallery-item__overlay\"><\/div>\n\t\t\t\t\t\t\t\t\t\t\t\t\t\t<\/a>\n\t\t\t\t\t\t\t<a class=\"e-gallery-item elementor-gallery-item elementor-animated-content\" href=\"https:\/\/voilepartageedelarade.bzh\/wp-content\/uploads\/2026\/04\/image-29.jpeg\" data-elementor-open-lightbox=\"yes\" data-elementor-lightbox-slideshow=\"1b34607\" data-elementor-lightbox-title=\"image\" data-e-action-hash=\"#elementor-action%3Aaction%3Dlightbox%26settings%3DeyJpZCI6ODA1OSwidXJsIjoiaHR0cHM6XC9cL3ZvaWxlcGFydGFnZWVkZWxhcmFkZS5iemhcL3dwLWNvbnRlbnRcL3VwbG9hZHNcLzIwMjZcLzA0XC9pbWFnZS0yOS5qcGVnIiwic2xpZGVzaG93IjoiMWIzNDYwNyJ9\">\n\t\t\t\t\t<div class=\"e-gallery-image elementor-gallery-item__image\" data-thumbnail=\"https:\/\/voilepartageedelarade.bzh\/wp-content\/uploads\/2026\/04\/image-29-1024x768.jpeg\" data-width=\"660\" data-height=\"495\" aria-label=\"\" role=\"img\" ><\/div>\n\t\t\t\t\t\t\t\t\t\t\t<div class=\"elementor-gallery-item__overlay\"><\/div>\n\t\t\t\t\t\t\t\t\t\t\t\t\t\t<\/a>\n\t\t\t\t\t\t\t<a class=\"e-gallery-item elementor-gallery-item elementor-animated-content\" href=\"https:\/\/voilepartageedelarade.bzh\/wp-content\/uploads\/2026\/04\/image-31.jpeg\" data-elementor-open-lightbox=\"yes\" data-elementor-lightbox-slideshow=\"1b34607\" data-elementor-lightbox-title=\"image\" data-e-action-hash=\"#elementor-action%3Aaction%3Dlightbox%26settings%3DeyJpZCI6ODA2MSwidXJsIjoiaHR0cHM6XC9cL3ZvaWxlcGFydGFnZWVkZWxhcmFkZS5iemhcL3dwLWNvbnRlbnRcL3VwbG9hZHNcLzIwMjZcLzA0XC9pbWFnZS0zMS5qcGVnIiwic2xpZGVzaG93IjoiMWIzNDYwNyJ9\">\n\t\t\t\t\t<div class=\"e-gallery-image elementor-gallery-item__image\" data-thumbnail=\"https:\/\/voilepartageedelarade.bzh\/wp-content\/uploads\/2026\/04\/image-31-768x1024.jpeg\" data-width=\"660\" data-height=\"880\" aria-label=\"\" role=\"img\" ><\/div>\n\t\t\t\t\t\t\t\t\t\t\t<div class=\"elementor-gallery-item__overlay\"><\/div>\n\t\t\t\t\t\t\t\t\t\t\t\t\t\t<\/a>\n\t\t\t\t\t\t\t<a class=\"e-gallery-item elementor-gallery-item elementor-animated-content\" href=\"https:\/\/voilepartageedelarade.bzh\/wp-content\/uploads\/2026\/04\/image-34.jpeg\" data-elementor-open-lightbox=\"yes\" data-elementor-lightbox-slideshow=\"1b34607\" data-elementor-lightbox-title=\"image\" data-e-action-hash=\"#elementor-action%3Aaction%3Dlightbox%26settings%3DeyJpZCI6ODA2NCwidXJsIjoiaHR0cHM6XC9cL3ZvaWxlcGFydGFnZWVkZWxhcmFkZS5iemhcL3dwLWNvbnRlbnRcL3VwbG9hZHNcLzIwMjZcLzA0XC9pbWFnZS0zNC5qcGVnIiwic2xpZGVzaG93IjoiMWIzNDYwNyJ9\">\n\t\t\t\t\t<div class=\"e-gallery-image elementor-gallery-item__image\" data-thumbnail=\"https:\/\/voilepartageedelarade.bzh\/wp-content\/uploads\/2026\/04\/image-34-1024x768.jpeg\" data-width=\"660\" data-height=\"495\" aria-label=\"\" role=\"img\" ><\/div>\n\t\t\t\t\t\t\t\t\t\t\t<div class=\"elementor-gallery-item__overlay\"><\/div>\n\t\t\t\t\t\t\t\t\t\t\t\t\t\t<\/a>\n\t\t\t\t\t\t\t<a class=\"e-gallery-item elementor-gallery-item elementor-animated-content\" href=\"https:\/\/voilepartageedelarade.bzh\/wp-content\/uploads\/2026\/04\/image-32.jpeg\" data-elementor-open-lightbox=\"yes\" data-elementor-lightbox-slideshow=\"1b34607\" data-elementor-lightbox-title=\"image\" data-e-action-hash=\"#elementor-action%3Aaction%3Dlightbox%26settings%3DeyJpZCI6ODA2MiwidXJsIjoiaHR0cHM6XC9cL3ZvaWxlcGFydGFnZWVkZWxhcmFkZS5iemhcL3dwLWNvbnRlbnRcL3VwbG9hZHNcLzIwMjZcLzA0XC9pbWFnZS0zMi5qcGVnIiwic2xpZGVzaG93IjoiMWIzNDYwNyJ9\">\n\t\t\t\t\t<div class=\"e-gallery-image elementor-gallery-item__image\" data-thumbnail=\"https:\/\/voilepartageedelarade.bzh\/wp-content\/uploads\/2026\/04\/image-32-768x1024.jpeg\" data-width=\"660\" data-height=\"880\" aria-label=\"\" role=\"img\" ><\/div>\n\t\t\t\t\t\t\t\t\t\t\t<div class=\"elementor-gallery-item__overlay\"><\/div>\n\t\t\t\t\t\t\t\t\t\t\t\t\t\t<\/a>\n\t\t\t\t\t\t\t<a class=\"e-gallery-item elementor-gallery-item elementor-animated-content\" href=\"https:\/\/voilepartageedelarade.bzh\/wp-content\/uploads\/2026\/04\/image-33.jpeg\" data-elementor-open-lightbox=\"yes\" data-elementor-lightbox-slideshow=\"1b34607\" data-elementor-lightbox-title=\"image\" data-e-action-hash=\"#elementor-action%3Aaction%3Dlightbox%26settings%3DeyJpZCI6ODA2MywidXJsIjoiaHR0cHM6XC9cL3ZvaWxlcGFydGFnZWVkZWxhcmFkZS5iemhcL3dwLWNvbnRlbnRcL3VwbG9hZHNcLzIwMjZcLzA0XC9pbWFnZS0zMy5qcGVnIiwic2xpZGVzaG93IjoiMWIzNDYwNyJ9\">\n\t\t\t\t\t<div class=\"e-gallery-image elementor-gallery-item__image\" data-thumbnail=\"https:\/\/voilepartageedelarade.bzh\/wp-content\/uploads\/2026\/04\/image-33-1024x768.jpeg\" data-width=\"660\" data-height=\"495\" aria-label=\"\" role=\"img\" ><\/div>\n\t\t\t\t\t\t\t\t\t\t\t<div class=\"elementor-gallery-item__overlay\"><\/div>\n\t\t\t\t\t\t\t\t\t\t\t\t\t\t<\/a>\n\t\t\t\t\t<\/div>\n\t\t\t\t\t<\/div>\n\t\t\t\t<\/div>\n\t\t\t\t\t<\/div>\n\t\t\t\t<\/div>\n\t\t\t\t<\/div>\n\t\t","protected":false},"excerpt":{"rendered":"<p>Michel C. , chef de bord, est sorti avec Marc, Isabelle et Steve.Rdv 9 h au bateau.Steve fait l&#8217;essai VHF et Marc la sortie du bateau sans vent.GV et moteur jusqu&#8217;\u00e0 \u00c9crevisse et \u00e0 10h, nous continuons la passe O par des bords de pr\u00e8s \u00e0 faible vitesse.Le vent tombe compl\u00e8tement \u00e0 11h45 et nous &hellip; <a href=\"https:\/\/voilepartageedelarade.bzh\/index.php\/2026\/04\/26\/a-la-carte\/\" class=\"more-link\">Continuer la lecture de <span class=\"screen-reader-text\">\u00c0 la carte<\/span><\/a><\/p>\n","protected":false},"author":3,"featured_media":8055,"comment_status":"closed","ping_status":"open","sticky":false,"template":"","format":"standard","meta":{"_jetpack_memberships_contains_paid_content":false,"footnotes":""},"categories":[7],"tags":[],"class_list":["post-8050","post","type-post","status-publish","format-standard","has-post-thumbnail","hentry","category-sortie"],"jetpack_featured_media_url":"https:\/\/voilepartageedelarade.bzh\/wp-content\/uploads\/2026\/04\/image-28.jpeg","jetpack_sharing_enabled":true,"_links":{"self":[{"href":"https:\/\/voilepartageedelarade.bzh\/index.php\/wp-json\/wp\/v2\/posts\/8050","targetHints":{"allow":["GET"]}}],"collection":[{"href":"https:\/\/voilepartageedelarade.bzh\/index.php\/wp-json\/wp\/v2\/posts"}],"about":[{"href":"https:\/\/voilepartageedelarade.bzh\/index.php\/wp-json\/wp\/v2\/types\/post"}],"author":[{"embeddable":true,"href":"https:\/\/voilepartageedelarade.bzh\/index.php\/wp-json\/wp\/v2\/users\/3"}],"replies":[{"embeddable":true,"href":"https:\/\/voilepartageedelarade.bzh\/index.php\/wp-json\/wp\/v2\/comments?post=8050"}],"version-history":[{"count":10,"href":"https:\/\/voilepartageedelarade.bzh\/index.php\/wp-json\/wp\/v2\/posts\/8050\/revisions"}],"predecessor-version":[{"id":8067,"href":"https:\/\/voilepartageedelarade.bzh\/index.php\/wp-json\/wp\/v2\/posts\/8050\/revisions\/8067"}],"wp:featuredmedia":[{"embeddable":true,"href":"https:\/\/voilepartageedelarade.bzh\/index.php\/wp-json\/wp\/v2\/media\/8055"}],"wp:attachment":[{"href":"https:\/\/voilepartageedelarade.bzh\/index.php\/wp-json\/wp\/v2\/media?parent=8050"}],"wp:term":[{"taxonomy":"category","embeddable":true,"href":"https:\/\/voilepartageedelarade.bzh\/index.php\/wp-json\/wp\/v2\/categories?post=8050"},{"taxonomy":"post_tag","embeddable":true,"href":"https:\/\/voilepartageedelarade.bzh\/index.php\/wp-json\/wp\/v2\/tags?post=8050"}],"curies":[{"name":"wp","href":"https:\/\/api.w.org\/{rel}","templated":true}]}}