{"id":8037,"date":"2026-04-26T12:27:22","date_gmt":"2026-04-26T10:27:22","guid":{"rendered":"https:\/\/voilepartageedelarade.bzh\/?p=8037"},"modified":"2026-04-26T12:30:49","modified_gmt":"2026-04-26T10:30:49","slug":"forte-houle","status":"publish","type":"post","link":"https:\/\/voilepartageedelarade.bzh\/index.php\/2026\/04\/26\/forte-houle\/","title":{"rendered":"Forte houle"},"content":{"rendered":"\t\t<div data-elementor-type=\"wp-post\" data-elementor-id=\"8037\" class=\"elementor elementor-8037\" data-elementor-post-type=\"post\">\n\t\t\t\t<div class=\"elementor-element elementor-element-c82a95d e-flex e-con-boxed e-con e-parent\" data-id=\"c82a95d\" data-element_type=\"container\" data-e-type=\"container\">\n\t\t\t\t\t<div class=\"e-con-inner\">\n\t\t\t\t<div class=\"elementor-element elementor-element-095143b elementor-widget elementor-widget-text-editor\" data-id=\"095143b\" data-element_type=\"widget\" data-e-type=\"widget\" data-widget_type=\"text-editor.default\">\n\t\t\t\t<div class=\"elementor-widget-container\">\n\t\t\t\t\t\t\t\t\t<div class=\"x14z9mp xat24cr x1lziwak x1vvkbs xtlvy1s x126k92a\"><div dir=\"auto\"><strong>Jacques<\/strong> R. , chef de bord est sorti avec <em>Joel LB, Anne et Pascale<\/em>.<\/div><\/div><div class=\"x14z9mp xat24cr x1lziwak x1vvkbs xtlvy1s x126k92a\"><div dir=\"auto\">M\u00e9t\u00e9o : 3-4 S le matin, 3 l&#8217;apr\u00e8s-midi, 2-3 fin d&#8217;apr\u00e8s-midi. Mer plut\u00f4t agit\u00e9e. Mar\u00e9e : 86 le matin, 93 l&#8217;apr\u00e8s-midi<\/div><div dir=\"auto\">BM : 10 h, PM: 17h05.<\/div><\/div><div class=\"x14z9mp xat24cr x1lziwak x1vvkbs xtlvy1s x126k92a\"><div dir=\"auto\">Anne fait l\u2019appel VHF sous le contr\u00f4le de Pascale, qui nous sort du port prudemment car la mar\u00e9e basse de 86 nous laisse un espace d&#8217;\u00e9volution reduit \u00e0 la sortie de la panne avant de longer le brise-lame nord.<\/div><\/div><div class=\"x14z9mp xat24cr x1lziwak x1vvkbs xtlvy1s x126k92a\"><div dir=\"auto\">Gv haute, g\u00e9nois roul\u00e9 entre une et deux pastilles. Chenal sud. Direction la bou\u00e9e des Chats que nous n&#8217;atteindrons pas car, de nouveau, une forte houle nous y attend.<\/div><div dir=\"auto\">On vire, direction la grande plage, o\u00f9 nous mouillons par 5,50 m de fond \u00e0 13h20.<\/div><div dir=\"auto\">Casse-cro\u00fbte, puis d\u00e9part une heure plus tard pour Pen Men.<\/div><div dir=\"auto\">\u00c0 l\u2019approche de la pointe vers 16h15, retour au portant par le chenal O avec exercice de suivi des alignements d&#8217;entr\u00e9e de nuit. Joel nous met au ponton \u00e0 18h15.<\/div><\/div>\t\t\t\t\t\t\t\t<\/div>\n\t\t\t\t<\/div>\n\t\t\t\t<div class=\"elementor-element elementor-element-8bceac9 elementor-widget elementor-widget-image\" data-id=\"8bceac9\" data-element_type=\"widget\" data-e-type=\"widget\" data-widget_type=\"image.default\">\n\t\t\t\t<div class=\"elementor-widget-container\">\n\t\t\t\t\t\t\t\t\t\t\t\t\t\t\t<img fetchpriority=\"high\" decoding=\"async\" width=\"660\" height=\"880\" src=\"https:\/\/voilepartageedelarade.bzh\/wp-content\/uploads\/2026\/04\/image-27-768x1024.jpeg\" class=\"attachment-large size-large wp-image-8046\" alt=\"\" srcset=\"https:\/\/voilepartageedelarade.bzh\/wp-content\/uploads\/2026\/04\/image-27-768x1024.jpeg 768w, https:\/\/voilepartageedelarade.bzh\/wp-content\/uploads\/2026\/04\/image-27-225x300.jpeg 225w, https:\/\/voilepartageedelarade.bzh\/wp-content\/uploads\/2026\/04\/image-27-1152x1536.jpeg 1152w, https:\/\/voilepartageedelarade.bzh\/wp-content\/uploads\/2026\/04\/image-27.jpeg 1200w\" sizes=\"(max-width: 660px) 100vw, 660px\" \/>\t\t\t\t\t\t\t\t\t\t\t\t\t\t\t<\/div>\n\t\t\t\t<\/div>\n\t\t\t\t\t<\/div>\n\t\t\t\t<\/div>\n\t\t\t\t<\/div>\n\t\t","protected":false},"excerpt":{"rendered":"<p>Jacques R. , chef de bord est sorti avec Joel LB, Anne et Pascale.M\u00e9t\u00e9o : 3-4 S le matin, 3 l&#8217;apr\u00e8s-midi, 2-3 fin d&#8217;apr\u00e8s-midi. Mer plut\u00f4t agit\u00e9e. Mar\u00e9e : 86 le matin, 93 l&#8217;apr\u00e8s-midiBM : 10 h, PM: 17h05.Anne fait l\u2019appel VHF sous le contr\u00f4le de Pascale, qui nous sort du port prudemment car la &hellip; <a href=\"https:\/\/voilepartageedelarade.bzh\/index.php\/2026\/04\/26\/forte-houle\/\" class=\"more-link\">Continuer la lecture de <span class=\"screen-reader-text\">Forte houle<\/span><\/a><\/p>\n","protected":false},"author":3,"featured_media":8042,"comment_status":"closed","ping_status":"open","sticky":false,"template":"","format":"standard","meta":{"_jetpack_memberships_contains_paid_content":false,"footnotes":""},"categories":[7],"tags":[],"class_list":["post-8037","post","type-post","status-publish","format-standard","has-post-thumbnail","hentry","category-sortie"],"jetpack_featured_media_url":"https:\/\/voilepartageedelarade.bzh\/wp-content\/uploads\/2026\/04\/image-26.jpeg","jetpack_sharing_enabled":true,"_links":{"self":[{"href":"https:\/\/voilepartageedelarade.bzh\/index.php\/wp-json\/wp\/v2\/posts\/8037","targetHints":{"allow":["GET"]}}],"collection":[{"href":"https:\/\/voilepartageedelarade.bzh\/index.php\/wp-json\/wp\/v2\/posts"}],"about":[{"href":"https:\/\/voilepartageedelarade.bzh\/index.php\/wp-json\/wp\/v2\/types\/post"}],"author":[{"embeddable":true,"href":"https:\/\/voilepartageedelarade.bzh\/index.php\/wp-json\/wp\/v2\/users\/3"}],"replies":[{"embeddable":true,"href":"https:\/\/voilepartageedelarade.bzh\/index.php\/wp-json\/wp\/v2\/comments?post=8037"}],"version-history":[{"count":10,"href":"https:\/\/voilepartageedelarade.bzh\/index.php\/wp-json\/wp\/v2\/posts\/8037\/revisions"}],"predecessor-version":[{"id":8049,"href":"https:\/\/voilepartageedelarade.bzh\/index.php\/wp-json\/wp\/v2\/posts\/8037\/revisions\/8049"}],"wp:featuredmedia":[{"embeddable":true,"href":"https:\/\/voilepartageedelarade.bzh\/index.php\/wp-json\/wp\/v2\/media\/8042"}],"wp:attachment":[{"href":"https:\/\/voilepartageedelarade.bzh\/index.php\/wp-json\/wp\/v2\/media?parent=8037"}],"wp:term":[{"taxonomy":"category","embeddable":true,"href":"https:\/\/voilepartageedelarade.bzh\/index.php\/wp-json\/wp\/v2\/categories?post=8037"},{"taxonomy":"post_tag","embeddable":true,"href":"https:\/\/voilepartageedelarade.bzh\/index.php\/wp-json\/wp\/v2\/tags?post=8037"}],"curies":[{"name":"wp","href":"https:\/\/api.w.org\/{rel}","templated":true}]}}